{"id":1273,"date":"2021-11-20T14:03:33","date_gmt":"2021-11-20T17:03:33","guid":{"rendered":"https:\/\/www.taxispjowal.com.br\/blog\/?p=1273"},"modified":"2021-11-20T14:37:26","modified_gmt":"2021-11-20T17:37:26","slug":"dia-da-consciencia-negra","status":"publish","type":"post","link":"https:\/\/www.taxispjowal.com.br\/blog\/dia-da-consciencia-negra\/","title":{"rendered":"Dia da consci\u00eancia negra"},"content":{"rendered":"\n<h2>O Dia da Consci\u00eancia Negra \u00e9 uma ocasi\u00e3o para celebra\u00e7\u00e3o e reflex\u00e3o. <\/h2>\n\n\n\n<blockquote class=\"wp-block-quote\"><p>&#8220;Eu tenho um sonho que meus quatro pequenos filhos um dia viver\u00e3o em uma na\u00e7\u00e3o onde n\u00e3o ser\u00e3o julgados pela cor da pele, mas pelo conte\u00fado do seu car\u00e1ter.&#8221;  <\/p><cite>Martin Luther King<\/cite><\/blockquote>\n\n\n\n<p>\u00c9 preciso pensar a respeito da dor vivida pelas pessoas negras ao longo da hist\u00f3ria.<\/p>\n\n\n\n<hr class=\"wp-block-separator\"\/>\n\n\n\n<p>Quer saber mais sobre os valores de&nbsp;<a href=\"https:\/\/www.taxispjowal.com.br\/alugue-um-taxi.html\"><strong>Pacotes<\/strong><\/a>, clique no link a seguir clique no link a seguir\u261b&nbsp;<a href=\"https:\/\/www.taxispjowal.com.br\/alugue-um-taxi.html#formJowal\">https:\/\/www.taxispjowal.com.br\/alugue-um-taxi.html#formJowal<\/a>&nbsp;\u261a<\/p>\n\n\n\n<p>Nosso WhatsApp \u261b\u00a0<a rel=\"noreferrer noopener\" href=\"https:\/\/api.whatsapp.com\/send?phone=5511941905521&amp;text=Tudo%20bem%20?%20Como%20podemos%20te%20ajudar%20?\" target=\"_blank\">11 9 4190 5521<\/a><\/p>\n\n\n\n<figure class=\"wp-block-image size-large\"><img loading=\"lazy\" width=\"1024\" height=\"597\" src=\"https:\/\/www.taxispjowal.com.br\/blog\/wp-content\/uploads\/2021\/11\/consciencia-negra-jowal-aluguel-de-taxi-locacao-de-taxi-sao-paulo-sp-11-1024x597.jpg\" alt=\"Dia da consci\u00eancia negra\" class=\"wp-image-1278\" srcset=\"https:\/\/www.taxispjowal.com.br\/blog\/wp-content\/uploads\/2021\/11\/consciencia-negra-jowal-aluguel-de-taxi-locacao-de-taxi-sao-paulo-sp-11-1024x597.jpg 1024w, https:\/\/www.taxispjowal.com.br\/blog\/wp-content\/uploads\/2021\/11\/consciencia-negra-jowal-aluguel-de-taxi-locacao-de-taxi-sao-paulo-sp-11-300x175.jpg 300w, https:\/\/www.taxispjowal.com.br\/blog\/wp-content\/uploads\/2021\/11\/consciencia-negra-jowal-aluguel-de-taxi-locacao-de-taxi-sao-paulo-sp-11-768x448.jpg 768w, https:\/\/www.taxispjowal.com.br\/blog\/wp-content\/uploads\/2021\/11\/consciencia-negra-jowal-aluguel-de-taxi-locacao-de-taxi-sao-paulo-sp-11.jpg 1200w\" sizes=\"(max-width: 1024px) 100vw, 1024px\" \/><figcaption>Dia da consci\u00eancia negra<\/figcaption><\/figure>\n","protected":false},"excerpt":{"rendered":"<p>O Dia da Consci\u00eancia Negra \u00e9 uma ocasi\u00e3o para celebra\u00e7\u00e3o e reflex\u00e3o. &#8220;Eu tenho um sonho que meus quatro pequenos filhos um dia viver\u00e3o em uma na\u00e7\u00e3o onde n\u00e3o ser\u00e3o julgados pela cor da pele, mas pelo conte\u00fado do seu car\u00e1ter.&#8221; Martin Luther King \u00c9 preciso pensar a respeito da dor vivida pelas pessoas negras<\/p>\n<div><a class=\"btn-filled btn\" href=\"https:\/\/www.taxispjowal.com.br\/blog\/dia-da-consciencia-negra\/\" title=\"Dia da consci\u00eancia negra\">Leia Mais<\/a><\/div>\n","protected":false},"author":1,"featured_media":1277,"comment_status":"closed","ping_status":"closed","sticky":false,"template":"","format":"standard","meta":[],"categories":[4],"tags":[],"_links":{"self":[{"href":"https:\/\/www.taxispjowal.com.br\/blog\/wp-json\/wp\/v2\/posts\/1273"}],"collection":[{"href":"https:\/\/www.taxispjowal.com.br\/blog\/wp-json\/wp\/v2\/posts"}],"about":[{"href":"https:\/\/www.taxispjowal.com.br\/blog\/wp-json\/wp\/v2\/types\/post"}],"author":[{"embeddable":true,"href":"https:\/\/www.taxispjowal.com.br\/blog\/wp-json\/wp\/v2\/users\/1"}],"replies":[{"embeddable":true,"href":"https:\/\/www.taxispjowal.com.br\/blog\/wp-json\/wp\/v2\/comments?post=1273"}],"version-history":[{"count":2,"href":"https:\/\/www.taxispjowal.com.br\/blog\/wp-json\/wp\/v2\/posts\/1273\/revisions"}],"predecessor-version":[{"id":1279,"href":"https:\/\/www.taxispjowal.com.br\/blog\/wp-json\/wp\/v2\/posts\/1273\/revisions\/1279"}],"wp:featuredmedia":[{"embeddable":true,"href":"https:\/\/www.taxispjowal.com.br\/blog\/wp-json\/wp\/v2\/media\/1277"}],"wp:attachment":[{"href":"https:\/\/www.taxispjowal.com.br\/blog\/wp-json\/wp\/v2\/media?parent=1273"}],"wp:term":[{"taxonomy":"category","embeddable":true,"href":"https:\/\/www.taxispjowal.com.br\/blog\/wp-json\/wp\/v2\/categories?post=1273"},{"taxonomy":"post_tag","embeddable":true,"href":"https:\/\/www.taxispjowal.com.br\/blog\/wp-json\/wp\/v2\/tags?post=1273"}],"curies":[{"name":"wp","href":"https:\/\/api.w.org\/{rel}","templated":true}]}}