{"id":1345,"date":"2022-03-29T08:10:42","date_gmt":"2022-03-29T11:10:42","guid":{"rendered":"https:\/\/www.taxispjowal.com.br\/blog\/?p=1345"},"modified":"2022-03-29T08:10:58","modified_gmt":"2022-03-29T11:10:58","slug":"uso-de-mascara-continua-obrigatoria-para-taxis-em-sp","status":"publish","type":"post","link":"https:\/\/www.taxispjowal.com.br\/blog\/uso-de-mascara-continua-obrigatoria-para-taxis-em-sp\/","title":{"rendered":"Uso de m\u00e1scara cont\u00ednua obrigat\u00f3ria para t\u00e1xis em SP?"},"content":{"rendered":"\n<h2>Aten\u00e7\u00e3o amigo taxista, a flexibiliza\u00e7\u00e3o do uso de m\u00e1scara em SP come\u00e7ou, por\u00e9m dentro do t\u00e1xi ainda \u00e9 obrigat\u00f3rio!<\/h2>\n\n\n\n<p>Com o decreto do governo estadual de S\u00e3o Paulo que retirou a obrigatoriedade do uso de m\u00e1scara facial em locais fechados na \u00faltima quinta-feira, 17, o Brasil chegou ao total de nove capitais que j\u00e1 flexibilizaram a medida de preven\u00e7\u00e3o contra o coronav\u00edrus.<\/p>\n\n\n\n<p>Nas redes sociais, entretanto, tem aumentado o n\u00famero de reclama\u00e7\u00f5es e d\u00favidas sobre a necessidade da prote\u00e7\u00e3o em corridas de t\u00e1xi.<\/p>\n\n\n\n<hr class=\"wp-block-separator\"\/>\n\n\n\n<p>Quer saber mais sobre os valores de&nbsp;<a href=\"https:\/\/www.taxispjowal.com.br\/alugue-um-taxi.html\"><strong>Pacotes<\/strong><\/a>, clique no link a seguir clique no link a seguir\u261b&nbsp;<a href=\"https:\/\/www.taxispjowal.com.br\/alugue-um-taxi.html#formJowal\">https:\/\/www.taxispjowal.com.br\/alugue-um-taxi.html#formJowal<\/a>&nbsp;\u261a<\/p>\n\n\n\n<p>Nosso WhatsApp \u261b\u00a0<a rel=\"noreferrer noopener\" href=\"https:\/\/api.whatsapp.com\/send?phone=5511941905521&amp;text=Tudo%20bem%20?%20Como%20podemos%20te%20ajudar%20?\" target=\"_blank\">11 9 4190 5521<\/a><\/p>\n\n\n\n<figure class=\"wp-block-image size-large\"><img loading=\"lazy\" width=\"1024\" height=\"597\" src=\"https:\/\/www.taxispjowal.com.br\/blog\/wp-content\/uploads\/2022\/03\/uso-mascara-continua-obrigatoria-jowal-aluguel-de-taxi-locacao-de-taxi-sao-paulo-sp-11-1024x597.jpg\" alt=\"Uso de m\u00e1scara cont\u00ednua obrigat\u00f3ria para t\u00e1xis em SP?\" class=\"wp-image-1347\" srcset=\"https:\/\/www.taxispjowal.com.br\/blog\/wp-content\/uploads\/2022\/03\/uso-mascara-continua-obrigatoria-jowal-aluguel-de-taxi-locacao-de-taxi-sao-paulo-sp-11-1024x597.jpg 1024w, https:\/\/www.taxispjowal.com.br\/blog\/wp-content\/uploads\/2022\/03\/uso-mascara-continua-obrigatoria-jowal-aluguel-de-taxi-locacao-de-taxi-sao-paulo-sp-11-300x175.jpg 300w, https:\/\/www.taxispjowal.com.br\/blog\/wp-content\/uploads\/2022\/03\/uso-mascara-continua-obrigatoria-jowal-aluguel-de-taxi-locacao-de-taxi-sao-paulo-sp-11-768x448.jpg 768w, https:\/\/www.taxispjowal.com.br\/blog\/wp-content\/uploads\/2022\/03\/uso-mascara-continua-obrigatoria-jowal-aluguel-de-taxi-locacao-de-taxi-sao-paulo-sp-11.jpg 1200w\" sizes=\"(max-width: 1024px) 100vw, 1024px\" \/><figcaption>Uso de m\u00e1scara cont\u00ednua obrigat\u00f3ria para t\u00e1xis em SP?<\/figcaption><\/figure>\n","protected":false},"excerpt":{"rendered":"<p>Aten\u00e7\u00e3o amigo taxista, a flexibiliza\u00e7\u00e3o do uso de m\u00e1scara em SP come\u00e7ou, por\u00e9m dentro do t\u00e1xi ainda \u00e9 obrigat\u00f3rio! Com o decreto do governo estadual de S\u00e3o Paulo que retirou a obrigatoriedade do uso de m\u00e1scara facial em locais fechados na \u00faltima quinta-feira, 17, o Brasil chegou ao total de nove capitais que j\u00e1 flexibilizaram<\/p>\n<div><a class=\"btn-filled btn\" href=\"https:\/\/www.taxispjowal.com.br\/blog\/uso-de-mascara-continua-obrigatoria-para-taxis-em-sp\/\" title=\"Uso de m\u00e1scara cont\u00ednua obrigat\u00f3ria para t\u00e1xis em SP?\">Leia Mais<\/a><\/div>\n","protected":false},"author":1,"featured_media":1346,"comment_status":"closed","ping_status":"closed","sticky":false,"template":"","format":"standard","meta":[],"categories":[3],"tags":[],"_links":{"self":[{"href":"https:\/\/www.taxispjowal.com.br\/blog\/wp-json\/wp\/v2\/posts\/1345"}],"collection":[{"href":"https:\/\/www.taxispjowal.com.br\/blog\/wp-json\/wp\/v2\/posts"}],"about":[{"href":"https:\/\/www.taxispjowal.com.br\/blog\/wp-json\/wp\/v2\/types\/post"}],"author":[{"embeddable":true,"href":"https:\/\/www.taxispjowal.com.br\/blog\/wp-json\/wp\/v2\/users\/1"}],"replies":[{"embeddable":true,"href":"https:\/\/www.taxispjowal.com.br\/blog\/wp-json\/wp\/v2\/comments?post=1345"}],"version-history":[{"count":1,"href":"https:\/\/www.taxispjowal.com.br\/blog\/wp-json\/wp\/v2\/posts\/1345\/revisions"}],"predecessor-version":[{"id":1348,"href":"https:\/\/www.taxispjowal.com.br\/blog\/wp-json\/wp\/v2\/posts\/1345\/revisions\/1348"}],"wp:featuredmedia":[{"embeddable":true,"href":"https:\/\/www.taxispjowal.com.br\/blog\/wp-json\/wp\/v2\/media\/1346"}],"wp:attachment":[{"href":"https:\/\/www.taxispjowal.com.br\/blog\/wp-json\/wp\/v2\/media?parent=1345"}],"wp:term":[{"taxonomy":"category","embeddable":true,"href":"https:\/\/www.taxispjowal.com.br\/blog\/wp-json\/wp\/v2\/categories?post=1345"},{"taxonomy":"post_tag","embeddable":true,"href":"https:\/\/www.taxispjowal.com.br\/blog\/wp-json\/wp\/v2\/tags?post=1345"}],"curies":[{"name":"wp","href":"https:\/\/api.w.org\/{rel}","templated":true}]}}