{"id":531,"date":"2020-05-05T18:02:31","date_gmt":"2020-05-05T21:02:31","guid":{"rendered":"https:\/\/www.taxispjowal.com.br\/blog\/?p=531"},"modified":"2020-05-05T18:02:34","modified_gmt":"2020-05-05T21:02:34","slug":"agora-as-mascaras-sao-de-uso-obrigatorio-no-transporte-publico","status":"publish","type":"post","link":"https:\/\/www.taxispjowal.com.br\/blog\/agora-as-mascaras-sao-de-uso-obrigatorio-no-transporte-publico\/","title":{"rendered":"Agora as m\u00e1scaras s\u00e3o de uso obrigat\u00f3rio no transporte p\u00fablico!"},"content":{"rendered":"\n<h2>Esta nova regra servir\u00e1 a todos os passageiros e motoristas, dever\u00e3o usar as m\u00e1scaras desde o momento do embarque.<\/h2>\n\n\n\n<p>O an\u00fancio da medida foi feito pelo prefeito Bruno Covas e pelo governador Jo\u00e3o Doria, que tamb\u00e9m aplicar\u00e1 a obrigatoriedade em todo o estado de S\u00e3o Paulo.<\/p>\n\n\n\n<p>Por isso, a medida deve ser seguida para os passageiros que precisarem utilizar o sistema de \u00f4nibus da SPTrans, al\u00e9m dos trens da CPTM, Metr\u00f4, \u00f4nibus intermunicipais da EMTU, t\u00e1xis e transporte por aplicativo.<\/p>\n\n\n\n<p>Fonte: <a href=\"http:\/\/www.capital.sp.gov.br\/noticia\/uso-de-mascaras-no-transporte-coletivo-passa-a-ser-obrigatorio\" class=\"rank-math-link\" target=\"_blank\" rel=\"noopener\">http:\/\/www.capital.sp.gov.br\/noticia\/uso-de-mascaras-no-transporte-coletivo-passa-a-ser-obrigatorio<\/a><\/p>\n\n\n\n<hr class=\"wp-block-separator is-style-wide\"\/>\n\n\n\n<p>Quer saber como alugar um t\u00e1xi na cidade de S\u00e3o Paulo?<\/p>\n\n\n\n<p>Clique aqui\u261b&nbsp;<a href=\"https:\/\/www.taxispjowal.com.br\/alugue-um-taxi.html#formJowal\">https:\/\/www.taxispjowal.com.br\/alugue-um-taxi.html#formJowal<\/a>&nbsp;\u261a<\/p>\n\n\n\n<p>Nosso WhatsApp \u261b&nbsp;<a rel=\"noreferrer noopener\" href=\"https:\/\/api.whatsapp.com\/send?phone=5511941905521&amp;text=Tudo%20bem%20?%20Como%20podemos%20te%20ajudar%20?\" target=\"_blank\">11 9 4190 5521<\/a><\/p>\n\n\n\n<figure class=\"wp-block-image size-large\"><img loading=\"lazy\" width=\"1024\" height=\"597\" src=\"https:\/\/www.taxispjowal.com.br\/blog\/wp-content\/uploads\/2020\/05\/uso-obrigatorio-de-mascara-11-1024x597.jpg\" alt=\"Agora as m\u00e1scaras s\u00e3o de uso obrigat\u00f3rio no transporte p\u00fablico!\" class=\"wp-image-533\" srcset=\"https:\/\/www.taxispjowal.com.br\/blog\/wp-content\/uploads\/2020\/05\/uso-obrigatorio-de-mascara-11-1024x597.jpg 1024w, https:\/\/www.taxispjowal.com.br\/blog\/wp-content\/uploads\/2020\/05\/uso-obrigatorio-de-mascara-11-300x175.jpg 300w, https:\/\/www.taxispjowal.com.br\/blog\/wp-content\/uploads\/2020\/05\/uso-obrigatorio-de-mascara-11-768x448.jpg 768w, https:\/\/www.taxispjowal.com.br\/blog\/wp-content\/uploads\/2020\/05\/uso-obrigatorio-de-mascara-11.jpg 1200w\" sizes=\"(max-width: 1024px) 100vw, 1024px\" \/><figcaption>Agora as m\u00e1scaras s\u00e3o de uso obrigat\u00f3rio no transporte p\u00fablico! <\/figcaption><\/figure>\n","protected":false},"excerpt":{"rendered":"<p>Esta nova regra servir\u00e1 a todos os passageiros e motoristas, dever\u00e3o usar as m\u00e1scaras desde o momento do embarque. O an\u00fancio da medida foi feito pelo prefeito Bruno Covas e pelo governador Jo\u00e3o Doria, que tamb\u00e9m aplicar\u00e1 a obrigatoriedade em todo o estado de S\u00e3o Paulo. Por isso, a medida deve ser seguida para os<\/p>\n<div><a class=\"btn-filled btn\" href=\"https:\/\/www.taxispjowal.com.br\/blog\/agora-as-mascaras-sao-de-uso-obrigatorio-no-transporte-publico\/\" title=\"Agora as m\u00e1scaras s\u00e3o de uso obrigat\u00f3rio no transporte p\u00fablico!\">Leia Mais<\/a><\/div>\n","protected":false},"author":1,"featured_media":532,"comment_status":"closed","ping_status":"closed","sticky":false,"template":"","format":"standard","meta":[],"categories":[4,3],"tags":[],"_links":{"self":[{"href":"https:\/\/www.taxispjowal.com.br\/blog\/wp-json\/wp\/v2\/posts\/531"}],"collection":[{"href":"https:\/\/www.taxispjowal.com.br\/blog\/wp-json\/wp\/v2\/posts"}],"about":[{"href":"https:\/\/www.taxispjowal.com.br\/blog\/wp-json\/wp\/v2\/types\/post"}],"author":[{"embeddable":true,"href":"https:\/\/www.taxispjowal.com.br\/blog\/wp-json\/wp\/v2\/users\/1"}],"replies":[{"embeddable":true,"href":"https:\/\/www.taxispjowal.com.br\/blog\/wp-json\/wp\/v2\/comments?post=531"}],"version-history":[{"count":1,"href":"https:\/\/www.taxispjowal.com.br\/blog\/wp-json\/wp\/v2\/posts\/531\/revisions"}],"predecessor-version":[{"id":534,"href":"https:\/\/www.taxispjowal.com.br\/blog\/wp-json\/wp\/v2\/posts\/531\/revisions\/534"}],"wp:featuredmedia":[{"embeddable":true,"href":"https:\/\/www.taxispjowal.com.br\/blog\/wp-json\/wp\/v2\/media\/532"}],"wp:attachment":[{"href":"https:\/\/www.taxispjowal.com.br\/blog\/wp-json\/wp\/v2\/media?parent=531"}],"wp:term":[{"taxonomy":"category","embeddable":true,"href":"https:\/\/www.taxispjowal.com.br\/blog\/wp-json\/wp\/v2\/categories?post=531"},{"taxonomy":"post_tag","embeddable":true,"href":"https:\/\/www.taxispjowal.com.br\/blog\/wp-json\/wp\/v2\/tags?post=531"}],"curies":[{"name":"wp","href":"https:\/\/api.w.org\/{rel}","templated":true}]}}